{"id":27947,"date":"2026-03-09T10:16:46","date_gmt":"2026-03-09T09:16:46","guid":{"rendered":"https:\/\/biblioteka.sum.edu.pl\/?p=27947"},"modified":"2026-03-27T13:31:31","modified_gmt":"2026-03-27T12:31:31","slug":"nowe-tytuly-w-ibuk-umarzec-2026","status":"publish","type":"post","link":"https:\/\/biblioteka.sum.edu.pl\/en\/nowe-tytuly-w-ibuk-umarzec-2026\/","title":{"rendered":"New titles in IBUK (Polish books)!<br>marzec 2026"},"content":{"rendered":"<p class=\"has-text-align-left\">Take a look at the latest titles that have been added to the Polish e-book platform&nbsp;<a href=\"http:\/\/libra.ibuk.pl\/\">IBUK-Libra<\/a>.<\/p>\n\n\n\n<ol class=\"wp-block-list\">\n<li><a href=\"https:\/\/libra.ibuk.pl\/reader\/badanie-fizykalne-w-praktyce-poloznej-agnieszka-bien-grazyna-297391\">Badanie fizykalne w praktyce po\u0142o\u017cnej. Red. Bie\u0144, Agnieszka; Iwanowicz-Palus, Gra\u017cyna; Wdowiak, Artur . Warszawa: PZWL Wydawnictwo Lekarskie, 2023<\/a><\/li>\n\n\n\n<li><a href=\"https:\/\/libra.ibuk.pl\/reader\/biotechnologia-drobnoustrojow-w-laboratorium-i-w-praktyce-jerzy-dlugonski-274537\">Biotechnologia drobnoustroj\u00f3w w laboratorium i w praktyce. Red. D\u0142ugo\u0144ski, Jerzy . \u0141\u00f3d\u017a: Wydawnictwo Uniwersytetu \u0141\u00f3dzkiego, 2022<\/a><\/li>\n\n\n\n<li><a href=\"https:\/\/libra.ibuk.pl\/reader\/ciaza-wieloplodowa-grzegorz-h-breborowicz-witold-270924\">Ci\u0105\u017ca wielop\u0142odowa. Red. Br\u0119borowicz, Grzegorz H.; Malinowski, Witold . Warszawa: PZWL Wydawnictwo Lekarskie, 2022<\/a><\/li>\n\n\n\n<li><a href=\"https:\/\/libra.ibuk.pl\/reader\/endokrynologia-wieku-rozwojowego-beata-pyrzak-mieczyslaw-285248\">Endokrynologia wieku rozwojowego. Red. Pyr\u017cak, Beata; Walczak, Mieczys\u0142aw . Warszawa: PZWL Wydawnictwo Lekarskie, 2023<\/a><\/li>\n\n\n\n<li><a href=\"https:\/\/libra.ibuk.pl\/reader\/leczenie-ran-przewleklych-maria-t-szewczyk-arkadiusz-205542\">Leczenie ran przewlek\u0142ych. Red. Szewczyk, Maria T.; Jawie\u0144, Arkadiusz . : PZWL Wydawnictwo Lekarskie, 2019<\/a><\/li>\n\n\n\n<li><a href=\"https:\/\/libra.ibuk.pl\/reader\/opieka-skoncentrowana-na-pacjencie-doroslym-w-intensywnej-terapii-wioletta-anna-medrzycka-326988\">Opieka skoncentrowana na pacjencie doros\u0142ym w intensywnej terapii. Red. M\u0119drzycka-D\u0105browska, Wioletta Anna . Warszawa: PZWL Wydawnictwo Lekarskie, 2024<\/a><\/li>\n\n\n\n<li><a href=\"https:\/\/libra.ibuk.pl\/reader\/ostre-schorzenia-jamy-brzusznej-grzegorz-wallner-piotr-308745\">Ostre schorzenia jamy brzusznej. Red. Wallner, Grzegorz; Richter, Piotr; Banasiewicz, Tomasz . Warszawa: PZWL Wydawnictwo Lekarskie, 2024<\/a><\/li>\n\n\n\n<li><a href=\"https:\/\/libra.ibuk.pl\/reader\/pielegniarstwo-we-wspolczesnym-poloznictwie-i-ginekologii-podrecznik-celina-lepecka-klusek-96000\">Piel\u0119gniarstwo we wsp\u00f3\u0142czesnym po\u0142o\u017cnictwie i ginekologii. Podr\u0119cznik dla studi\u00f3w medycznych. Red. \u0141epecka-Klusek, Celina . Warszawa: PZWL Wydawnictwo Lekarskie, 2010<\/a><\/li>\n\n\n\n<li><a href=\"https:\/\/libra.ibuk.pl\/reader\/radiologia-stomatologiczna-katarzyna-t-rozylo-ingrid-88326\">R\u00f3\u017cy\u0142o, Katarzyna T.; R\u00f3\u017cy\u0142o-Kalinowska, Ingrid. Radiologia stomatologiczna. Red. . Warszawa: PZWL Wydawnictwo Lekarskie, 2011<\/a><\/li>\n<\/ol>\n\n\n\n<p class=\"has-text-align-left translation-block\">All books available on the Ibuk platform can also be accessed from\u00a0<a href=\"https:\/\/primo-48slam.hosted.exlibrisgroup.com\/primo-explore\/search?tab=aleph_tab&amp;sortby=rank&amp;vid=48SLAM_VIEW&amp;lang=en_US\" target=\"_self\">the Primo library catalogue<\/a>. When you search for a book, the results will include both print and electronic books, if available.<\/p>\n\n\n\n<p class=\"has-text-align-left translation-block\">Books on the Ibuk platform can also be accessed on a computer outside the University's network\u00a0<a href=\"https:\/\/biblioteka2.sum.edu.pl\/en\/zdalny-dostep-do-zbiorow\/\" data-type=\"page\" data-id=\"19957\" target=\"_self\">via a proxy server service.<\/a><\/p>\n\n\n\n<figure class=\"wp-block-image size-large\"><img loading=\"lazy\" decoding=\"async\" width=\"1024\" height=\"294\" src=\"https:\/\/biblioteka.sum.edu.pl\/wp-content\/uploads\/2025\/10\/28825021-PWN-IBUK-LOGO-RGB-1024x294.png\" alt=\"\" class=\"wp-image-27184\" srcset=\"https:\/\/biblioteka.sum.edu.pl\/wp-content\/uploads\/2025\/10\/28825021-PWN-IBUK-LOGO-RGB-1024x294.png 1024w, https:\/\/biblioteka.sum.edu.pl\/wp-content\/uploads\/2025\/10\/28825021-PWN-IBUK-LOGO-RGB-300x86.png 300w, https:\/\/biblioteka.sum.edu.pl\/wp-content\/uploads\/2025\/10\/28825021-PWN-IBUK-LOGO-RGB-768x221.png 768w, https:\/\/biblioteka.sum.edu.pl\/wp-content\/uploads\/2025\/10\/28825021-PWN-IBUK-LOGO-RGB-1536x441.png 1536w, https:\/\/biblioteka.sum.edu.pl\/wp-content\/uploads\/2025\/10\/28825021-PWN-IBUK-LOGO-RGB-2048x588.png 2048w, https:\/\/biblioteka.sum.edu.pl\/wp-content\/uploads\/2025\/10\/28825021-PWN-IBUK-LOGO-RGB-18x5.png 18w\" sizes=\"auto, (max-width: 1024px) 100vw, 1024px\" \/><\/figure>","protected":false},"excerpt":{"rendered":"<p>Zapraszamy do zapoznania si\u0119 z nowymi tytu\u0142ami zakupionym w ramach platformy polskich ksi\u0105\u017cek elektronicznych&nbsp;IBUK-Libra. Do wszystkich ksi\u0105\u017cek dost\u0119pnych na platformie Ibuk mo\u017cna r\u00f3wnie\u017c dotrze\u0107&nbsp;z katalogu bibliotecznego Primo. Po wyszukaniu ksi\u0105\u017cki, w rezultatach znajd\u0105 si\u0119 zar\u00f3wno ksi\u0105\u017cki drukowane, jak i elektroniczne, je\u017celi s\u0105 dost\u0119pne. Dost\u0119p do ksi\u0105\u017cek w serwisie Ibuk mo\u017cliwy jest r\u00f3wnie\u017c na komputerze poza [&hellip;]<\/p>","protected":false},"author":3,"featured_media":0,"comment_status":"closed","ping_status":"closed","sticky":false,"template":"","format":"standard","meta":{"_eb_attr":"","footnotes":""},"categories":[5],"tags":[],"class_list":["post-27947","post","type-post","status-publish","format-standard","hentry","category-aktualnosci"],"publishpress_future_action":{"enabled":false,"date":"2026-05-02 11:18:54","action":"change-status","newStatus":"draft","terms":[],"taxonomy":"category","extraData":[]},"publishpress_future_workflow_manual_trigger":{"enabledWorkflows":[]},"_links":{"self":[{"href":"https:\/\/biblioteka.sum.edu.pl\/en\/wp-json\/wp\/v2\/posts\/27947","targetHints":{"allow":["GET"]}}],"collection":[{"href":"https:\/\/biblioteka.sum.edu.pl\/en\/wp-json\/wp\/v2\/posts"}],"about":[{"href":"https:\/\/biblioteka.sum.edu.pl\/en\/wp-json\/wp\/v2\/types\/post"}],"author":[{"embeddable":true,"href":"https:\/\/biblioteka.sum.edu.pl\/en\/wp-json\/wp\/v2\/users\/3"}],"replies":[{"embeddable":true,"href":"https:\/\/biblioteka.sum.edu.pl\/en\/wp-json\/wp\/v2\/comments?post=27947"}],"version-history":[{"count":3,"href":"https:\/\/biblioteka.sum.edu.pl\/en\/wp-json\/wp\/v2\/posts\/27947\/revisions"}],"predecessor-version":[{"id":28091,"href":"https:\/\/biblioteka.sum.edu.pl\/en\/wp-json\/wp\/v2\/posts\/27947\/revisions\/28091"}],"wp:attachment":[{"href":"https:\/\/biblioteka.sum.edu.pl\/en\/wp-json\/wp\/v2\/media?parent=27947"}],"wp:term":[{"taxonomy":"category","embeddable":true,"href":"https:\/\/biblioteka.sum.edu.pl\/en\/wp-json\/wp\/v2\/categories?post=27947"},{"taxonomy":"post_tag","embeddable":true,"href":"https:\/\/biblioteka.sum.edu.pl\/en\/wp-json\/wp\/v2\/tags?post=27947"}],"curies":[{"name":"wp","href":"https:\/\/api.w.org\/{rel}","templated":true}]}}